{"id":7939,"date":"2019-05-29T00:00:32","date_gmt":"2019-05-28T22:00:32","guid":{"rendered":"http:\/\/www.pmp4you.support\/pmp\/?p=7939"},"modified":"2020-03-24T15:44:15","modified_gmt":"2020-03-24T14:44:15","slug":"moderation-der-jaehrlichen-planungstage","status":"publish","type":"post","link":"https:\/\/www.pmp4you.support\/pmp\/moderation-der-jaehrlichen-planungstage\/","title":{"rendered":"Moderation der j\u00e4hrlichen Planungstage"},"content":{"rendered":"\n<p><span style=\"font-size: 14pt;\"><span style=\"color: #ff9900;\"><strong><span style=\"color: #ff9900;\">Erfolgreiche Beispiele<\/span><\/strong><\/span> unserer Arbeit als <strong><span style=\"color: #ff9900;\">Ideengeber<\/span><\/strong> &amp; <strong><span style=\"color: #ff9900;\">Denkansto\u00df<\/span><\/strong>:<\/span><\/p>\n\n\n\n<h2 class=\"wp-block-heading\"><a href=\"http:\/\/www.pmp4you.support\/pmp\/portfolio-view\/b-1-moderation-der-planungstage-zwei-jahres-planung\/\">&gt;&gt; Moderation der j\u00e4hrlichen Planungstage<\/a><\/h2>\n\n\n\n<p>Zur operativen Planung der kommenden zwei Gesch\u00e4ftsjahre sollte zum ersten Mal auf breiter Basis mit den F\u00fchrungskr\u00e4ften der zweiten und dritten Managementebene eine umfassende Auseinandersetzung mit aktuellen und k\u00fcnftigen unternehmerischen Herausforderungen erfolgen.<\/p>\n\n\n\n<p>Gemeinsam mit der Gesch\u00e4ftsf\u00fchrung haben wir einen dreit\u00e4gigen Planungsworkshop konzipiert und durchgef\u00fchrt &#8230;<\/p>\n\n\n\n\n\n<ul><li>Ausgangssituation<\/li><li>L\u00f6sungsansatz<\/li><li>Ma\u00dfnahmen<\/li><li>Ergebnisse<\/li><\/ul>\n","protected":false},"excerpt":{"rendered":"<p>Erfolgreiche Beispiele unserer Arbeit als Ideengeber &amp; Denkansto\u00df: &gt;&gt; Moderation der j\u00e4hrlichen Planungstage Zur operativen Planung der kommenden zwei Gesch\u00e4ftsjahre sollte zum ersten Mal auf breiter Basis mit den F\u00fchrungskr\u00e4ften der zweiten und dritten Managementebene eine umfassende Auseinandersetzung mit aktuellen und k\u00fcnftigen unternehmerischen Herausforderungen erfolgen. Gemeinsam mit der Gesch\u00e4ftsf\u00fchrung haben wir einen dreit\u00e4gigen Planungsworkshop konzipiert [&hellip;]<\/p>\n","protected":false},"author":3,"featured_media":4777,"comment_status":"closed","ping_status":"open","sticky":false,"template":"","format":"standard","meta":{"_coblocks_attr":"","_coblocks_dimensions":"","_coblocks_responsive_height":"","_coblocks_accordion_ie_support":"","footnotes":""},"categories":[1],"tags":[],"_links":{"self":[{"href":"https:\/\/www.pmp4you.support\/pmp\/wp-json\/wp\/v2\/posts\/7939"}],"collection":[{"href":"https:\/\/www.pmp4you.support\/pmp\/wp-json\/wp\/v2\/posts"}],"about":[{"href":"https:\/\/www.pmp4you.support\/pmp\/wp-json\/wp\/v2\/types\/post"}],"author":[{"embeddable":true,"href":"https:\/\/www.pmp4you.support\/pmp\/wp-json\/wp\/v2\/users\/3"}],"replies":[{"embeddable":true,"href":"https:\/\/www.pmp4you.support\/pmp\/wp-json\/wp\/v2\/comments?post=7939"}],"version-history":[{"count":0,"href":"https:\/\/www.pmp4you.support\/pmp\/wp-json\/wp\/v2\/posts\/7939\/revisions"}],"wp:featuredmedia":[{"embeddable":true,"href":"https:\/\/www.pmp4you.support\/pmp\/wp-json\/wp\/v2\/media\/4777"}],"wp:attachment":[{"href":"https:\/\/www.pmp4you.support\/pmp\/wp-json\/wp\/v2\/media?parent=7939"}],"wp:term":[{"taxonomy":"category","embeddable":true,"href":"https:\/\/www.pmp4you.support\/pmp\/wp-json\/wp\/v2\/categories?post=7939"},{"taxonomy":"post_tag","embeddable":true,"href":"https:\/\/www.pmp4you.support\/pmp\/wp-json\/wp\/v2\/tags?post=7939"}],"curies":[{"name":"wp","href":"https:\/\/api.w.org\/{rel}","templated":true}]}}